{"id":2540,"date":"2023-03-10T10:00:55","date_gmt":"2023-03-10T14:00:55","guid":{"rendered":"http:\/\/departement-ingenieur.univ-antilles.fr\/?p=2540"},"modified":"2023-04-26T11:11:02","modified_gmt":"2023-04-26T15:11:02","slug":"ceremonie-des-diplomes-les-formations-ingenieurs-fetent-leurs-10-ans","status":"publish","type":"post","link":"https:\/\/departement-ingenieur.univ-antilles.fr\/index.php\/2023\/03\/10\/ceremonie-des-diplomes-les-formations-ingenieurs-fetent-leurs-10-ans\/","title":{"rendered":"C\u00e9r\u00e9monie des dipl\u00f4mes : les formations ing\u00e9nieurs f\u00eatent leurs 10 ans !"},"content":{"rendered":"<div class=\"fusion-fullwidth fullwidth-box fusion-builder-row-1 fusion-flex-container nonhundred-percent-fullwidth non-hundred-percent-height-scrolling\" style=\"--awb-border-radius-top-left:0px;--awb-border-radius-top-right:0px;--awb-border-radius-bottom-right:0px;--awb-border-radius-bottom-left:0px;\" ><div class=\"fusion-builder-row fusion-row fusion-flex-align-items-flex-start\" style=\"max-width:1331.2px;margin-left: calc(-4% \/ 2 );margin-right: calc(-4% \/ 2 );\"><div class=\"fusion-layout-column fusion_builder_column fusion-builder-column-0 fusion_builder_column_1_1 1_1 fusion-flex-column\" style=\"--awb-bg-size:cover;--awb-width-large:100%;--awb-margin-top-large:10px;--awb-spacing-right-large:1.92%;--awb-margin-bottom-large:10px;--awb-spacing-left-large:1.92%;--awb-width-medium:100%;--awb-order-medium:0;--awb-spacing-right-medium:1.92%;--awb-spacing-left-medium:1.92%;--awb-width-small:100%;--awb-order-small:0;--awb-spacing-right-small:1.92%;--awb-spacing-left-small:1.92%;\"><div class=\"fusion-column-wrapper fusion-column-has-shadow fusion-flex-justify-content-flex-start fusion-content-layout-column\"><div class=\"fusion-text fusion-text-1\"><p>Le jeudi 9 mars \u00e0 l\u2019Espace r\u00e9gionale du Raizet, les formations ing\u00e9nieurs sp\u00e9cialit\u00e9 \u00e9nerg\u00e9tique et sp\u00e9cialit\u00e9 environnement et mat\u00e9riaux de l\u2019Universit\u00e9 des Antilles ont c\u00e9l\u00e9br\u00e9 la 10\u00e8me c\u00e9r\u00e9monie de parrainage et de remise des dipl\u00f4mes.<\/p>\n<p>Ces cursus d\u2019excellence ont vu le jour il y a un peu plus d\u2019une d\u00e9cennie afin de r\u00e9pondre aux enjeux majeurs du d\u00e9veloppement durable dans la Cara\u00efbe.<br \/>\nLe d\u00e9partement d&rsquo;ing\u00e9nierie, sous l\u2019impulsion de la R\u00e9gion Guadeloupe forment des jeunes femmes et hommes aux comp\u00e9tences scientifiques, \u00e9conomiques et techniques adapt\u00e9es \u00e0 leur territoire.<\/p>\n<p>110 \u00e9tudiants ont \u00e9t\u00e9 d\u00e9j\u00e0 \u00e9t\u00e9 form\u00e9s localement et occupent aujourd\u2019hui des postes \u00e0 responsabilit\u00e9.<\/p>\n<\/div><div class=\"fusion-separator fusion-full-width-sep\" style=\"align-self: center;margin-left: auto;margin-right: auto;margin-top:60px;width:100%;\"><\/div><div class=\"fusion-video fusion-youtube\" style=\"--awb-max-width:600px;--awb-max-height:360px;--awb-align-self:center;--awb-width:100%;\"><div class=\"video-shortcode\"><div class=\"fluid-width-video-wrapper\" style=\"padding-top:60%;\" ><iframe title=\"YouTube video player 1\" src=\"https:\/\/www.youtube.com\/embed\/lnz9XujbS44?wmode=transparent&autoplay=0\" width=\"600\" height=\"360\" allowfullscreen allow=\"autoplay; fullscreen\"><\/iframe><\/div><\/div><\/div><div class=\"fusion-separator fusion-full-width-sep\" style=\"align-self: center;margin-left: auto;margin-right: auto;margin-top:60px;width:100%;\"><\/div><div class=\"fusion-text fusion-text-2\"><p>Monsieur Ary CHALUS, le corps enseignant, les repr\u00e9sentants de l&rsquo;Acad\u00e9mie et des collectivit\u00e9s et les parents des \u00e9tudiants ont rendu hommage \u00e0 ces promotions m\u00e9ritantes.<\/p>\n<p>Entr\u00e9e au ka et au lambi, sketchs, danses traditionnelles et orchestres avec en invit\u00e9 M. Fred DESHAYES ont rythm\u00e9 les quatre heures de la c\u00e9r\u00e9monie.<\/p>\n<p>Un v\u00e9ritable spectacle mettant en avant le savoir-faire des \u00e9tudiants de ces cursus et notre patrimoine culturel.<\/p>\n<p>Nous remercions M. Frantz EBADERE, Pr\u00e9sident de Green Technologies et parrain des promotions entrantes.<\/p>\n<\/div><div class=\"fusion-title title fusion-title-1 fusion-sep-none fusion-title-text fusion-title-size-three\"><h3 class=\"title-heading-left fusion-responsive-typography-calculated\" style=\"margin:0;--fontSize:24;line-height:1.4;\">Deux chiffres \u00e0 retenir :<\/h3><\/div><div class=\"fusion-counters-box counters-box row fusion-clearfix fusion-columns-4\" style=\"--awb-body-color:#000000;--awb-body-size:14;\"><div class=\"fusion-counter-box fusion-column col-counter-box counter-box-wrapper col-lg-3 col-md-3 col-sm-3 fusion-counter-box-icon-top\" data-animationOffset=\"top-into-view\"><div class=\"counter-box-container\"><div class=\"content-box-percentage content-box-counter\"><i class=\"counter-box-icon fontawesome-icon fa-file-signature fas\" aria-hidden=\"true\"><\/i><span class=\"display-counter\" data-value=\"72\" data-direction=\"up\" data-decimals=\"0\">0<\/span><span class=\"unit\">%<\/span><\/div><div class=\"counter-box-content\">d\u2019\u00e9l\u00e8ves ing\u00e9nieurs embauch\u00e9s avant la fin de leur stage<\/div><\/div><\/div><div class=\"fusion-counter-box fusion-column col-counter-box counter-box-wrapper col-lg-3 col-md-3 col-sm-3 fusion-counter-box-icon-top\" data-animationOffset=\"top-into-view\"><div class=\"counter-box-container\"><div class=\"content-box-percentage content-box-counter\"><i class=\"counter-box-icon fontawesome-icon fa-user-graduate fas\" aria-hidden=\"true\"><\/i><span class=\"display-counter\" data-value=\"97\" data-direction=\"up\" data-decimals=\"0\">0<\/span><span class=\"unit\">%<\/span><\/div><div class=\"counter-box-content\">de jeunes dipl\u00f4m\u00e9s recrut\u00e9s<\/div><\/div><\/div><\/div><\/div><\/div><\/div><\/div>\n","protected":false},"excerpt":{"rendered":"","protected":false},"author":1,"featured_media":2548,"comment_status":"open","ping_status":"open","sticky":false,"template":"","format":"standard","meta":[],"categories":[4],"tags":[],"yoast_head":"<!-- This site is optimized with the Yoast SEO plugin v21.5 - https:\/\/yoast.com\/wordpress\/plugins\/seo\/ -->\n<title>C\u00e9r\u00e9monie des dipl\u00f4mes : les formations ing\u00e9nieurs f\u00eatent leurs 10 ans ! - D\u00e9partement d&#039;ing\u00e9ni\u00e9rie<\/title>\n<meta name=\"robots\" content=\"index, follow, max-snippet:-1, max-image-preview:large, max-video-preview:-1\" \/>\n<link rel=\"canonical\" href=\"https:\/\/departement-ingenieur.univ-antilles.fr\/index.php\/2023\/03\/10\/ceremonie-des-diplomes-les-formations-ingenieurs-fetent-leurs-10-ans\/\" \/>\n<meta property=\"og:locale\" content=\"fr_FR\" \/>\n<meta property=\"og:type\" content=\"article\" \/>\n<meta property=\"og:title\" content=\"C\u00e9r\u00e9monie des dipl\u00f4mes : les formations ing\u00e9nieurs f\u00eatent leurs 10 ans ! - D\u00e9partement d&#039;ing\u00e9ni\u00e9rie\" \/>\n<meta property=\"og:url\" content=\"https:\/\/departement-ingenieur.univ-antilles.fr\/index.php\/2023\/03\/10\/ceremonie-des-diplomes-les-formations-ingenieurs-fetent-leurs-10-ans\/\" \/>\n<meta property=\"og:site_name\" content=\"D\u00e9partement d&#039;ing\u00e9ni\u00e9rie\" \/>\n<meta property=\"article:publisher\" content=\"https:\/\/www.facebook.com\/AEIGguadeloupe\" \/>\n<meta property=\"article:published_time\" content=\"2023-03-10T14:00:55+00:00\" \/>\n<meta property=\"article:modified_time\" content=\"2023-04-26T15:11:02+00:00\" \/>\n<meta property=\"og:image\" content=\"https:\/\/departement-ingenieur.univ-antilles.fr\/wp-content\/uploads\/2023\/04\/P1044049-scaled.jpg\" \/>\n\t<meta property=\"og:image:width\" content=\"2560\" \/>\n\t<meta property=\"og:image:height\" content=\"1920\" \/>\n\t<meta property=\"og:image:type\" content=\"image\/jpeg\" \/>\n<meta name=\"author\" content=\"CITRONMER\" \/>\n<meta name=\"twitter:card\" content=\"summary_large_image\" \/>\n<meta name=\"twitter:creator\" content=\"@AssoEIG\" \/>\n<meta name=\"twitter:site\" content=\"@AssoEIG\" \/>\n<meta name=\"twitter:label1\" content=\"\u00c9crit par\" \/>\n\t<meta name=\"twitter:data1\" content=\"CITRONMER\" \/>\n\t<meta name=\"twitter:label2\" content=\"Dur\u00e9e de lecture estim\u00e9e\" \/>\n\t<meta name=\"twitter:data2\" content=\"6 minutes\" \/>\n<script type=\"application\/ld+json\" class=\"yoast-schema-graph\">{\"@context\":\"https:\/\/schema.org\",\"@graph\":[{\"@type\":\"Article\",\"@id\":\"https:\/\/departement-ingenieur.univ-antilles.fr\/index.php\/2023\/03\/10\/ceremonie-des-diplomes-les-formations-ingenieurs-fetent-leurs-10-ans\/#article\",\"isPartOf\":{\"@id\":\"https:\/\/departement-ingenieur.univ-antilles.fr\/index.php\/2023\/03\/10\/ceremonie-des-diplomes-les-formations-ingenieurs-fetent-leurs-10-ans\/\"},\"author\":{\"name\":\"CITRONMER\",\"@id\":\"https:\/\/departement-ingenieur.univ-antilles.fr\/#\/schema\/person\/16dede4e9bfd2e52e7d98783d005ab4d\"},\"headline\":\"C\u00e9r\u00e9monie des dipl\u00f4mes : les formations ing\u00e9nieurs f\u00eatent leurs 10 ans !\",\"datePublished\":\"2023-03-10T14:00:55+00:00\",\"dateModified\":\"2023-04-26T15:11:02+00:00\",\"mainEntityOfPage\":{\"@id\":\"https:\/\/departement-ingenieur.univ-antilles.fr\/index.php\/2023\/03\/10\/ceremonie-des-diplomes-les-formations-ingenieurs-fetent-leurs-10-ans\/\"},\"wordCount\":1209,\"commentCount\":0,\"publisher\":{\"@id\":\"https:\/\/departement-ingenieur.univ-antilles.fr\/#organization\"},\"articleSection\":[\"Actus\"],\"inLanguage\":\"fr-FR\",\"potentialAction\":[{\"@type\":\"CommentAction\",\"name\":\"Comment\",\"target\":[\"https:\/\/departement-ingenieur.univ-antilles.fr\/index.php\/2023\/03\/10\/ceremonie-des-diplomes-les-formations-ingenieurs-fetent-leurs-10-ans\/#respond\"]}]},{\"@type\":\"WebPage\",\"@id\":\"https:\/\/departement-ingenieur.univ-antilles.fr\/index.php\/2023\/03\/10\/ceremonie-des-diplomes-les-formations-ingenieurs-fetent-leurs-10-ans\/\",\"url\":\"https:\/\/departement-ingenieur.univ-antilles.fr\/index.php\/2023\/03\/10\/ceremonie-des-diplomes-les-formations-ingenieurs-fetent-leurs-10-ans\/\",\"name\":\"C\u00e9r\u00e9monie des dipl\u00f4mes : les formations ing\u00e9nieurs f\u00eatent leurs 10 ans ! - D\u00e9partement d&#039;ing\u00e9ni\u00e9rie\",\"isPartOf\":{\"@id\":\"https:\/\/departement-ingenieur.univ-antilles.fr\/#website\"},\"datePublished\":\"2023-03-10T14:00:55+00:00\",\"dateModified\":\"2023-04-26T15:11:02+00:00\",\"breadcrumb\":{\"@id\":\"https:\/\/departement-ingenieur.univ-antilles.fr\/index.php\/2023\/03\/10\/ceremonie-des-diplomes-les-formations-ingenieurs-fetent-leurs-10-ans\/#breadcrumb\"},\"inLanguage\":\"fr-FR\",\"potentialAction\":[{\"@type\":\"ReadAction\",\"target\":[\"https:\/\/departement-ingenieur.univ-antilles.fr\/index.php\/2023\/03\/10\/ceremonie-des-diplomes-les-formations-ingenieurs-fetent-leurs-10-ans\/\"]}]},{\"@type\":\"BreadcrumbList\",\"@id\":\"https:\/\/departement-ingenieur.univ-antilles.fr\/index.php\/2023\/03\/10\/ceremonie-des-diplomes-les-formations-ingenieurs-fetent-leurs-10-ans\/#breadcrumb\",\"itemListElement\":[{\"@type\":\"ListItem\",\"position\":1,\"name\":\"Accueil\",\"item\":\"https:\/\/departement-ingenieur.univ-antilles.fr\/\"},{\"@type\":\"ListItem\",\"position\":2,\"name\":\"C\u00e9r\u00e9monie des dipl\u00f4mes : les formations ing\u00e9nieurs f\u00eatent leurs 10 ans !\"}]},{\"@type\":\"WebSite\",\"@id\":\"https:\/\/departement-ingenieur.univ-antilles.fr\/#website\",\"url\":\"https:\/\/departement-ingenieur.univ-antilles.fr\/\",\"name\":\"D\u00e9partement d&#039;ing\u00e9ni\u00e9rie\",\"description\":\"Universit\u00e9 des Antilles\",\"publisher\":{\"@id\":\"https:\/\/departement-ingenieur.univ-antilles.fr\/#organization\"},\"potentialAction\":[{\"@type\":\"SearchAction\",\"target\":{\"@type\":\"EntryPoint\",\"urlTemplate\":\"https:\/\/departement-ingenieur.univ-antilles.fr\/?s={search_term_string}\"},\"query-input\":\"required name=search_term_string\"}],\"inLanguage\":\"fr-FR\"},{\"@type\":\"Organization\",\"@id\":\"https:\/\/departement-ingenieur.univ-antilles.fr\/#organization\",\"name\":\"D\u00e9partement d&#039;ing\u00e9ni\u00e9rie\",\"url\":\"https:\/\/departement-ingenieur.univ-antilles.fr\/\",\"logo\":{\"@type\":\"ImageObject\",\"inLanguage\":\"fr-FR\",\"@id\":\"https:\/\/departement-ingenieur.univ-antilles.fr\/#\/schema\/logo\/image\/\",\"url\":\"http:\/\/departement-ingenieur.univ-antilles.fr\/wp-content\/uploads\/2020\/10\/logo-DPT-UNIV.png\",\"contentUrl\":\"http:\/\/departement-ingenieur.univ-antilles.fr\/wp-content\/uploads\/2020\/10\/logo-DPT-UNIV.png\",\"width\":3348,\"height\":1376,\"caption\":\"D\u00e9partement d&#039;ing\u00e9ni\u00e9rie\"},\"image\":{\"@id\":\"https:\/\/departement-ingenieur.univ-antilles.fr\/#\/schema\/logo\/image\/\"},\"sameAs\":[\"https:\/\/www.facebook.com\/AEIGguadeloupe\",\"https:\/\/twitter.com\/AssoEIG\",\"https:\/\/www.instagram.com\/asso.eig\/?hl=fr\"]},{\"@type\":\"Person\",\"@id\":\"https:\/\/departement-ingenieur.univ-antilles.fr\/#\/schema\/person\/16dede4e9bfd2e52e7d98783d005ab4d\",\"name\":\"CITRONMER\",\"image\":{\"@type\":\"ImageObject\",\"inLanguage\":\"fr-FR\",\"@id\":\"https:\/\/departement-ingenieur.univ-antilles.fr\/#\/schema\/person\/image\/\",\"url\":\"https:\/\/secure.gravatar.com\/avatar\/02e0faac06303fb25dfabd9973b9303a?s=96&d=mm&r=g\",\"contentUrl\":\"https:\/\/secure.gravatar.com\/avatar\/02e0faac06303fb25dfabd9973b9303a?s=96&d=mm&r=g\",\"caption\":\"CITRONMER\"},\"sameAs\":[\"http:\/\/departement-ingenieur.univ-antilles.fr\"],\"url\":\"https:\/\/departement-ingenieur.univ-antilles.fr\/index.php\/author\/citronmer\/\"}]}<\/script>\n<!-- \/ Yoast SEO plugin. -->","yoast_head_json":{"title":"C\u00e9r\u00e9monie des dipl\u00f4mes : les formations ing\u00e9nieurs f\u00eatent leurs 10 ans ! - D\u00e9partement d&#039;ing\u00e9ni\u00e9rie","robots":{"index":"index","follow":"follow","max-snippet":"max-snippet:-1","max-image-preview":"max-image-preview:large","max-video-preview":"max-video-preview:-1"},"canonical":"https:\/\/departement-ingenieur.univ-antilles.fr\/index.php\/2023\/03\/10\/ceremonie-des-diplomes-les-formations-ingenieurs-fetent-leurs-10-ans\/","og_locale":"fr_FR","og_type":"article","og_title":"C\u00e9r\u00e9monie des dipl\u00f4mes : les formations ing\u00e9nieurs f\u00eatent leurs 10 ans ! - D\u00e9partement d&#039;ing\u00e9ni\u00e9rie","og_url":"https:\/\/departement-ingenieur.univ-antilles.fr\/index.php\/2023\/03\/10\/ceremonie-des-diplomes-les-formations-ingenieurs-fetent-leurs-10-ans\/","og_site_name":"D\u00e9partement d&#039;ing\u00e9ni\u00e9rie","article_publisher":"https:\/\/www.facebook.com\/AEIGguadeloupe","article_published_time":"2023-03-10T14:00:55+00:00","article_modified_time":"2023-04-26T15:11:02+00:00","og_image":[{"width":2560,"height":1920,"url":"https:\/\/departement-ingenieur.univ-antilles.fr\/wp-content\/uploads\/2023\/04\/P1044049-scaled.jpg","type":"image\/jpeg"}],"author":"CITRONMER","twitter_card":"summary_large_image","twitter_creator":"@AssoEIG","twitter_site":"@AssoEIG","twitter_misc":{"\u00c9crit par":"CITRONMER","Dur\u00e9e de lecture estim\u00e9e":"6 minutes"},"schema":{"@context":"https:\/\/schema.org","@graph":[{"@type":"Article","@id":"https:\/\/departement-ingenieur.univ-antilles.fr\/index.php\/2023\/03\/10\/ceremonie-des-diplomes-les-formations-ingenieurs-fetent-leurs-10-ans\/#article","isPartOf":{"@id":"https:\/\/departement-ingenieur.univ-antilles.fr\/index.php\/2023\/03\/10\/ceremonie-des-diplomes-les-formations-ingenieurs-fetent-leurs-10-ans\/"},"author":{"name":"CITRONMER","@id":"https:\/\/departement-ingenieur.univ-antilles.fr\/#\/schema\/person\/16dede4e9bfd2e52e7d98783d005ab4d"},"headline":"C\u00e9r\u00e9monie des dipl\u00f4mes : les formations ing\u00e9nieurs f\u00eatent leurs 10 ans !","datePublished":"2023-03-10T14:00:55+00:00","dateModified":"2023-04-26T15:11:02+00:00","mainEntityOfPage":{"@id":"https:\/\/departement-ingenieur.univ-antilles.fr\/index.php\/2023\/03\/10\/ceremonie-des-diplomes-les-formations-ingenieurs-fetent-leurs-10-ans\/"},"wordCount":1209,"commentCount":0,"publisher":{"@id":"https:\/\/departement-ingenieur.univ-antilles.fr\/#organization"},"articleSection":["Actus"],"inLanguage":"fr-FR","potentialAction":[{"@type":"CommentAction","name":"Comment","target":["https:\/\/departement-ingenieur.univ-antilles.fr\/index.php\/2023\/03\/10\/ceremonie-des-diplomes-les-formations-ingenieurs-fetent-leurs-10-ans\/#respond"]}]},{"@type":"WebPage","@id":"https:\/\/departement-ingenieur.univ-antilles.fr\/index.php\/2023\/03\/10\/ceremonie-des-diplomes-les-formations-ingenieurs-fetent-leurs-10-ans\/","url":"https:\/\/departement-ingenieur.univ-antilles.fr\/index.php\/2023\/03\/10\/ceremonie-des-diplomes-les-formations-ingenieurs-fetent-leurs-10-ans\/","name":"C\u00e9r\u00e9monie des dipl\u00f4mes : les formations ing\u00e9nieurs f\u00eatent leurs 10 ans ! - D\u00e9partement d&#039;ing\u00e9ni\u00e9rie","isPartOf":{"@id":"https:\/\/departement-ingenieur.univ-antilles.fr\/#website"},"datePublished":"2023-03-10T14:00:55+00:00","dateModified":"2023-04-26T15:11:02+00:00","breadcrumb":{"@id":"https:\/\/departement-ingenieur.univ-antilles.fr\/index.php\/2023\/03\/10\/ceremonie-des-diplomes-les-formations-ingenieurs-fetent-leurs-10-ans\/#breadcrumb"},"inLanguage":"fr-FR","potentialAction":[{"@type":"ReadAction","target":["https:\/\/departement-ingenieur.univ-antilles.fr\/index.php\/2023\/03\/10\/ceremonie-des-diplomes-les-formations-ingenieurs-fetent-leurs-10-ans\/"]}]},{"@type":"BreadcrumbList","@id":"https:\/\/departement-ingenieur.univ-antilles.fr\/index.php\/2023\/03\/10\/ceremonie-des-diplomes-les-formations-ingenieurs-fetent-leurs-10-ans\/#breadcrumb","itemListElement":[{"@type":"ListItem","position":1,"name":"Accueil","item":"https:\/\/departement-ingenieur.univ-antilles.fr\/"},{"@type":"ListItem","position":2,"name":"C\u00e9r\u00e9monie des dipl\u00f4mes : les formations ing\u00e9nieurs f\u00eatent leurs 10 ans !"}]},{"@type":"WebSite","@id":"https:\/\/departement-ingenieur.univ-antilles.fr\/#website","url":"https:\/\/departement-ingenieur.univ-antilles.fr\/","name":"D\u00e9partement d&#039;ing\u00e9ni\u00e9rie","description":"Universit\u00e9 des Antilles","publisher":{"@id":"https:\/\/departement-ingenieur.univ-antilles.fr\/#organization"},"potentialAction":[{"@type":"SearchAction","target":{"@type":"EntryPoint","urlTemplate":"https:\/\/departement-ingenieur.univ-antilles.fr\/?s={search_term_string}"},"query-input":"required name=search_term_string"}],"inLanguage":"fr-FR"},{"@type":"Organization","@id":"https:\/\/departement-ingenieur.univ-antilles.fr\/#organization","name":"D\u00e9partement d&#039;ing\u00e9ni\u00e9rie","url":"https:\/\/departement-ingenieur.univ-antilles.fr\/","logo":{"@type":"ImageObject","inLanguage":"fr-FR","@id":"https:\/\/departement-ingenieur.univ-antilles.fr\/#\/schema\/logo\/image\/","url":"http:\/\/departement-ingenieur.univ-antilles.fr\/wp-content\/uploads\/2020\/10\/logo-DPT-UNIV.png","contentUrl":"http:\/\/departement-ingenieur.univ-antilles.fr\/wp-content\/uploads\/2020\/10\/logo-DPT-UNIV.png","width":3348,"height":1376,"caption":"D\u00e9partement d&#039;ing\u00e9ni\u00e9rie"},"image":{"@id":"https:\/\/departement-ingenieur.univ-antilles.fr\/#\/schema\/logo\/image\/"},"sameAs":["https:\/\/www.facebook.com\/AEIGguadeloupe","https:\/\/twitter.com\/AssoEIG","https:\/\/www.instagram.com\/asso.eig\/?hl=fr"]},{"@type":"Person","@id":"https:\/\/departement-ingenieur.univ-antilles.fr\/#\/schema\/person\/16dede4e9bfd2e52e7d98783d005ab4d","name":"CITRONMER","image":{"@type":"ImageObject","inLanguage":"fr-FR","@id":"https:\/\/departement-ingenieur.univ-antilles.fr\/#\/schema\/person\/image\/","url":"https:\/\/secure.gravatar.com\/avatar\/02e0faac06303fb25dfabd9973b9303a?s=96&d=mm&r=g","contentUrl":"https:\/\/secure.gravatar.com\/avatar\/02e0faac06303fb25dfabd9973b9303a?s=96&d=mm&r=g","caption":"CITRONMER"},"sameAs":["http:\/\/departement-ingenieur.univ-antilles.fr"],"url":"https:\/\/departement-ingenieur.univ-antilles.fr\/index.php\/author\/citronmer\/"}]}},"views":438,"_links":{"self":[{"href":"https:\/\/departement-ingenieur.univ-antilles.fr\/index.php\/wp-json\/wp\/v2\/posts\/2540"}],"collection":[{"href":"https:\/\/departement-ingenieur.univ-antilles.fr\/index.php\/wp-json\/wp\/v2\/posts"}],"about":[{"href":"https:\/\/departement-ingenieur.univ-antilles.fr\/index.php\/wp-json\/wp\/v2\/types\/post"}],"author":[{"embeddable":true,"href":"https:\/\/departement-ingenieur.univ-antilles.fr\/index.php\/wp-json\/wp\/v2\/users\/1"}],"replies":[{"embeddable":true,"href":"https:\/\/departement-ingenieur.univ-antilles.fr\/index.php\/wp-json\/wp\/v2\/comments?post=2540"}],"version-history":[{"count":8,"href":"https:\/\/departement-ingenieur.univ-antilles.fr\/index.php\/wp-json\/wp\/v2\/posts\/2540\/revisions"}],"predecessor-version":[{"id":2549,"href":"https:\/\/departement-ingenieur.univ-antilles.fr\/index.php\/wp-json\/wp\/v2\/posts\/2540\/revisions\/2549"}],"wp:featuredmedia":[{"embeddable":true,"href":"https:\/\/departement-ingenieur.univ-antilles.fr\/index.php\/wp-json\/wp\/v2\/media\/2548"}],"wp:attachment":[{"href":"https:\/\/departement-ingenieur.univ-antilles.fr\/index.php\/wp-json\/wp\/v2\/media?parent=2540"}],"wp:term":[{"taxonomy":"category","embeddable":true,"href":"https:\/\/departement-ingenieur.univ-antilles.fr\/index.php\/wp-json\/wp\/v2\/categories?post=2540"},{"taxonomy":"post_tag","embeddable":true,"href":"https:\/\/departement-ingenieur.univ-antilles.fr\/index.php\/wp-json\/wp\/v2\/tags?post=2540"}],"curies":[{"name":"wp","href":"https:\/\/api.w.org\/{rel}","templated":true}]}}